{"id":2794,"date":"2025-09-02T07:40:08","date_gmt":"2025-09-02T07:40:08","guid":{"rendered":"http:\/\/www.jazzclubkosz.pl\/?p=2794"},"modified":"2025-09-02T07:40:09","modified_gmt":"2025-09-02T07:40:09","slug":"przedstawiamy-artystow-51-miedzynarodowych-spotkan-wokalistow-jazzowych","status":"publish","type":"post","link":"http:\/\/www.jazzclubkosz.pl\/?p=2794","title":{"rendered":"Przedstawiamy artyst\u00f3w 51 Mi\u0119dzynarodowych Spotka\u0144 Wokalist\u00f3w Jazzowych"},"content":{"rendered":"\n<p>\u201ePrzybli\u017camy Pa\u0144stwu sylwetki naszych wokalistek, kt\u00f3re b\u0119d\u0105 bra\u0142y udzia\u0142 w tegorocznej 51. edycji Mi\u0119dzynarodowych Spotka\u0144 Wokalist\u00f3w Jazzowych \u2013 Zamo\u015b\u0107 2025<\/p>\n\n\n\n<p><a href=\"https:\/\/www.facebook.com\/hajduk.kaja?__cft__[0]=AZXetk12JQNnQ1w9aAdVN32hg-EgFEmO6XOtkK4xjghog_cX-1UjRSDpGWosBCOig0Vpc2dE2mDc17hQ21nhtfh6DPDqBl6Zn5cuamF3XVgYg1xXCK7L2zvVK3yU0Bi862W88Ox3oItt3ZkgFoNizHCVkIHDsKp_NMZOH0ZTUZxNorymJP_KJnoCyECxRzvvM3U&__tn__=-]K-R\">Kaja Hajduk<\/a><\/p>\n\n\n\n<figure class=\"wp-block-image size-large\"><img loading=\"lazy\" decoding=\"async\" width=\"1024\" height=\"717\" src=\"http:\/\/www.jazzclubkosz.pl\/wp-content\/uploads\/2025\/09\/51_IMOJV_Kaja_Hajduk-1024x717.png\" alt=\"\" class=\"wp-image-2795\" srcset=\"http:\/\/www.jazzclubkosz.pl\/wp-content\/uploads\/2025\/09\/51_IMOJV_Kaja_Hajduk-1024x717.png 1024w, http:\/\/www.jazzclubkosz.pl\/wp-content\/uploads\/2025\/09\/51_IMOJV_Kaja_Hajduk-300x210.png 300w, http:\/\/www.jazzclubkosz.pl\/wp-content\/uploads\/2025\/09\/51_IMOJV_Kaja_Hajduk-768x537.png 768w, http:\/\/www.jazzclubkosz.pl\/wp-content\/uploads\/2025\/09\/51_IMOJV_Kaja_Hajduk-1536x1075.png 1536w, http:\/\/www.jazzclubkosz.pl\/wp-content\/uploads\/2025\/09\/51_IMOJV_Kaja_Hajduk-2048x1433.png 2048w, http:\/\/www.jazzclubkosz.pl\/wp-content\/uploads\/2025\/09\/51_IMOJV_Kaja_Hajduk-600x420.png 600w\" sizes=\"auto, (max-width: 1024px) 100vw, 1024px\" \/><\/figure>\n\n\n\n<p>Angelika Kaschuba<\/p>\n\n\n\n<figure class=\"wp-block-image size-large\"><img loading=\"lazy\" decoding=\"async\" width=\"1024\" height=\"717\" src=\"http:\/\/www.jazzclubkosz.pl\/wp-content\/uploads\/2025\/09\/51_IMOJV_Angelika_Kaschuba-1024x717.png\" alt=\"\" class=\"wp-image-2796\" srcset=\"http:\/\/www.jazzclubkosz.pl\/wp-content\/uploads\/2025\/09\/51_IMOJV_Angelika_Kaschuba-1024x717.png 1024w, http:\/\/www.jazzclubkosz.pl\/wp-content\/uploads\/2025\/09\/51_IMOJV_Angelika_Kaschuba-300x210.png 300w, http:\/\/www.jazzclubkosz.pl\/wp-content\/uploads\/2025\/09\/51_IMOJV_Angelika_Kaschuba-768x537.png 768w, http:\/\/www.jazzclubkosz.pl\/wp-content\/uploads\/2025\/09\/51_IMOJV_Angelika_Kaschuba-1536x1075.png 1536w, http:\/\/www.jazzclubkosz.pl\/wp-content\/uploads\/2025\/09\/51_IMOJV_Angelika_Kaschuba-2048x1433.png 2048w, http:\/\/www.jazzclubkosz.pl\/wp-content\/uploads\/2025\/09\/51_IMOJV_Angelika_Kaschuba-600x420.png 600w\" sizes=\"auto, (max-width: 1024px) 100vw, 1024px\" \/><\/figure>\n\n\n\n<p><\/p>\n\n\n\n<p><a href=\"https:\/\/www.facebook.com\/magdalena.michalak.37?__cft__[0]=AZXetk12JQNnQ1w9aAdVN32hg-EgFEmO6XOtkK4xjghog_cX-1UjRSDpGWosBCOig0Vpc2dE2mDc17hQ21nhtfh6DPDqBl6Zn5cuamF3XVgYg1xXCK7L2zvVK3yU0Bi862W88Ox3oItt3ZkgFoNizHCVkIHDsKp_NMZOH0ZTUZxNorymJP_KJnoCyECxRzvvM3U&__tn__=-]K-R\">Magdalena Michalak<\/a><\/p>\n\n\n\n<figure class=\"wp-block-image size-large\"><img loading=\"lazy\" decoding=\"async\" width=\"1024\" height=\"717\" src=\"http:\/\/www.jazzclubkosz.pl\/wp-content\/uploads\/2025\/09\/51_IMOJV_Magdalena_Michalak-1024x717.png\" alt=\"\" class=\"wp-image-2797\" srcset=\"http:\/\/www.jazzclubkosz.pl\/wp-content\/uploads\/2025\/09\/51_IMOJV_Magdalena_Michalak-1024x717.png 1024w, http:\/\/www.jazzclubkosz.pl\/wp-content\/uploads\/2025\/09\/51_IMOJV_Magdalena_Michalak-300x210.png 300w, http:\/\/www.jazzclubkosz.pl\/wp-content\/uploads\/2025\/09\/51_IMOJV_Magdalena_Michalak-768x537.png 768w, http:\/\/www.jazzclubkosz.pl\/wp-content\/uploads\/2025\/09\/51_IMOJV_Magdalena_Michalak-1536x1075.png 1536w, http:\/\/www.jazzclubkosz.pl\/wp-content\/uploads\/2025\/09\/51_IMOJV_Magdalena_Michalak-2048x1433.png 2048w, http:\/\/www.jazzclubkosz.pl\/wp-content\/uploads\/2025\/09\/51_IMOJV_Magdalena_Michalak-600x420.png 600w\" sizes=\"auto, (max-width: 1024px) 100vw, 1024px\" \/><\/figure>\n\n\n\n<p><a href=\"https:\/\/www.facebook.com\/annanguyenmusic?__cft__[0]=AZXetk12JQNnQ1w9aAdVN32hg-EgFEmO6XOtkK4xjghog_cX-1UjRSDpGWosBCOig0Vpc2dE2mDc17hQ21nhtfh6DPDqBl6Zn5cuamF3XVgYg1xXCK7L2zvVK3yU0Bi862W88Ox3oItt3ZkgFoNizHCVkIHDsKp_NMZOH0ZTUZxNorymJP_KJnoCyECxRzvvM3U&__tn__=-]K-R\">Anna Nguyen<\/a><\/p>\n\n\n\n<figure class=\"wp-block-image size-large\"><img loading=\"lazy\" decoding=\"async\" width=\"1024\" height=\"717\" src=\"http:\/\/www.jazzclubkosz.pl\/wp-content\/uploads\/2025\/09\/51_IMOJV_Anna_Nguyen_Van-1024x717.png\" alt=\"\" class=\"wp-image-2798\" srcset=\"http:\/\/www.jazzclubkosz.pl\/wp-content\/uploads\/2025\/09\/51_IMOJV_Anna_Nguyen_Van-1024x717.png 1024w, http:\/\/www.jazzclubkosz.pl\/wp-content\/uploads\/2025\/09\/51_IMOJV_Anna_Nguyen_Van-300x210.png 300w, http:\/\/www.jazzclubkosz.pl\/wp-content\/uploads\/2025\/09\/51_IMOJV_Anna_Nguyen_Van-768x537.png 768w, http:\/\/www.jazzclubkosz.pl\/wp-content\/uploads\/2025\/09\/51_IMOJV_Anna_Nguyen_Van-1536x1075.png 1536w, http:\/\/www.jazzclubkosz.pl\/wp-content\/uploads\/2025\/09\/51_IMOJV_Anna_Nguyen_Van-2048x1433.png 2048w, http:\/\/www.jazzclubkosz.pl\/wp-content\/uploads\/2025\/09\/51_IMOJV_Anna_Nguyen_Van-600x420.png 600w\" sizes=\"auto, (max-width: 1024px) 100vw, 1024px\" \/><\/figure>\n\n\n\n<p>Julia Palmowska<\/p>\n\n\n\n<figure class=\"wp-block-image size-large\"><img loading=\"lazy\" decoding=\"async\" width=\"1024\" height=\"717\" src=\"http:\/\/www.jazzclubkosz.pl\/wp-content\/uploads\/2025\/09\/51_IMOJV_Julia_Palmowska-1024x717.png\" alt=\"\" class=\"wp-image-2799\" srcset=\"http:\/\/www.jazzclubkosz.pl\/wp-content\/uploads\/2025\/09\/51_IMOJV_Julia_Palmowska-1024x717.png 1024w, http:\/\/www.jazzclubkosz.pl\/wp-content\/uploads\/2025\/09\/51_IMOJV_Julia_Palmowska-300x210.png 300w, http:\/\/www.jazzclubkosz.pl\/wp-content\/uploads\/2025\/09\/51_IMOJV_Julia_Palmowska-768x537.png 768w, http:\/\/www.jazzclubkosz.pl\/wp-content\/uploads\/2025\/09\/51_IMOJV_Julia_Palmowska-1536x1075.png 1536w, http:\/\/www.jazzclubkosz.pl\/wp-content\/uploads\/2025\/09\/51_IMOJV_Julia_Palmowska-2048x1433.png 2048w, http:\/\/www.jazzclubkosz.pl\/wp-content\/uploads\/2025\/09\/51_IMOJV_Julia_Palmowska-600x420.png 600w\" sizes=\"auto, (max-width: 1024px) 100vw, 1024px\" \/><\/figure>\n\n\n\n<p><a href=\"https:\/\/www.facebook.com\/profile.php?id=100004533400176&__cft__[0]=AZXetk12JQNnQ1w9aAdVN32hg-EgFEmO6XOtkK4xjghog_cX-1UjRSDpGWosBCOig0Vpc2dE2mDc17hQ21nhtfh6DPDqBl6Zn5cuamF3XVgYg1xXCK7L2zvVK3yU0Bi862W88Ox3oItt3ZkgFoNizHCVkIHDsKp_NMZOH0ZTUZxNorymJP_KJnoCyECxRzvvM3U&__tn__=-]K-R\">Aleksandra T\u0119cza<\/a><\/p>\n\n\n\n<figure class=\"wp-block-image size-large\"><img loading=\"lazy\" decoding=\"async\" width=\"1024\" height=\"717\" src=\"http:\/\/www.jazzclubkosz.pl\/wp-content\/uploads\/2025\/09\/51_IMOJV_Aleksandra_Tecza-1024x717.png\" alt=\"\" class=\"wp-image-2800\" srcset=\"http:\/\/www.jazzclubkosz.pl\/wp-content\/uploads\/2025\/09\/51_IMOJV_Aleksandra_Tecza-1024x717.png 1024w, http:\/\/www.jazzclubkosz.pl\/wp-content\/uploads\/2025\/09\/51_IMOJV_Aleksandra_Tecza-300x210.png 300w, http:\/\/www.jazzclubkosz.pl\/wp-content\/uploads\/2025\/09\/51_IMOJV_Aleksandra_Tecza-768x537.png 768w, http:\/\/www.jazzclubkosz.pl\/wp-content\/uploads\/2025\/09\/51_IMOJV_Aleksandra_Tecza-1536x1075.png 1536w, http:\/\/www.jazzclubkosz.pl\/wp-content\/uploads\/2025\/09\/51_IMOJV_Aleksandra_Tecza-2048x1433.png 2048w, http:\/\/www.jazzclubkosz.pl\/wp-content\/uploads\/2025\/09\/51_IMOJV_Aleksandra_Tecza-600x420.png 600w\" sizes=\"auto, (max-width: 1024px) 100vw, 1024px\" \/><\/figure>\n\n\n\n<p>Ju\u017c 5.09 o godz. 20:00 w Hotelu 77, w dawnej siedzibie Jazz Club Kosz b\u0119dziecie mieli Pa\u0144stwo okazj\u0119 pos\u0142ucha\u0107 konkursowych zmaga\u0144 naszych Pa\u0144.<br><\/p>\n\n\n\n<p>Przedstawiamy r\u00f3wnie\u017c tegoroczn\u0105 sekcj\u0119 rytmiczn\u0105, kt\u00f3ra towarzyszy\u0107 b\u0119dzie naszym wokalistkom podczas konkursu.\/<\/p>\n\n\n\n<p>Sebastian S\u0142upski \u2013 double bass<\/p>\n\n\n\n<figure class=\"wp-block-image size-large\"><img loading=\"lazy\" decoding=\"async\" width=\"1024\" height=\"717\" src=\"http:\/\/www.jazzclubkosz.pl\/wp-content\/uploads\/2025\/09\/51_IMOJV_Sebastian_Slupski-1024x717.png\" alt=\"\" class=\"wp-image-2801\" srcset=\"http:\/\/www.jazzclubkosz.pl\/wp-content\/uploads\/2025\/09\/51_IMOJV_Sebastian_Slupski-1024x717.png 1024w, http:\/\/www.jazzclubkosz.pl\/wp-content\/uploads\/2025\/09\/51_IMOJV_Sebastian_Slupski-300x210.png 300w, http:\/\/www.jazzclubkosz.pl\/wp-content\/uploads\/2025\/09\/51_IMOJV_Sebastian_Slupski-768x537.png 768w, http:\/\/www.jazzclubkosz.pl\/wp-content\/uploads\/2025\/09\/51_IMOJV_Sebastian_Slupski-1536x1075.png 1536w, http:\/\/www.jazzclubkosz.pl\/wp-content\/uploads\/2025\/09\/51_IMOJV_Sebastian_Slupski-2048x1433.png 2048w, http:\/\/www.jazzclubkosz.pl\/wp-content\/uploads\/2025\/09\/51_IMOJV_Sebastian_Slupski-600x420.png 600w\" sizes=\"auto, (max-width: 1024px) 100vw, 1024px\" \/><\/figure>\n\n\n\n<p>Rafa\u0142 Czarnacki \u2013 piano<\/p>\n\n\n\n<figure class=\"wp-block-image size-large\"><img loading=\"lazy\" decoding=\"async\" width=\"1024\" height=\"717\" src=\"http:\/\/www.jazzclubkosz.pl\/wp-content\/uploads\/2025\/09\/51_IMOJV_Rafal_Czarnacki-1024x717.png\" alt=\"\" class=\"wp-image-2802\" srcset=\"http:\/\/www.jazzclubkosz.pl\/wp-content\/uploads\/2025\/09\/51_IMOJV_Rafal_Czarnacki-1024x717.png 1024w, http:\/\/www.jazzclubkosz.pl\/wp-content\/uploads\/2025\/09\/51_IMOJV_Rafal_Czarnacki-300x210.png 300w, http:\/\/www.jazzclubkosz.pl\/wp-content\/uploads\/2025\/09\/51_IMOJV_Rafal_Czarnacki-768x537.png 768w, http:\/\/www.jazzclubkosz.pl\/wp-content\/uploads\/2025\/09\/51_IMOJV_Rafal_Czarnacki-1536x1075.png 1536w, http:\/\/www.jazzclubkosz.pl\/wp-content\/uploads\/2025\/09\/51_IMOJV_Rafal_Czarnacki-2048x1433.png 2048w, http:\/\/www.jazzclubkosz.pl\/wp-content\/uploads\/2025\/09\/51_IMOJV_Rafal_Czarnacki-600x420.png 600w\" sizes=\"auto, (max-width: 1024px) 100vw, 1024px\" \/><\/figure>\n\n\n\n<p>Krzysztof Redas \u2013 drums<\/p>\n\n\n\n<figure class=\"wp-block-image size-large\"><img loading=\"lazy\" decoding=\"async\" width=\"1024\" height=\"717\" src=\"http:\/\/www.jazzclubkosz.pl\/wp-content\/uploads\/2025\/09\/51_IMOJV_Krzysztof_Redas-1024x717.png\" alt=\"\" class=\"wp-image-2803\" srcset=\"http:\/\/www.jazzclubkosz.pl\/wp-content\/uploads\/2025\/09\/51_IMOJV_Krzysztof_Redas-1024x717.png 1024w, http:\/\/www.jazzclubkosz.pl\/wp-content\/uploads\/2025\/09\/51_IMOJV_Krzysztof_Redas-300x210.png 300w, http:\/\/www.jazzclubkosz.pl\/wp-content\/uploads\/2025\/09\/51_IMOJV_Krzysztof_Redas-768x537.png 768w, http:\/\/www.jazzclubkosz.pl\/wp-content\/uploads\/2025\/09\/51_IMOJV_Krzysztof_Redas-1536x1075.png 1536w, http:\/\/www.jazzclubkosz.pl\/wp-content\/uploads\/2025\/09\/51_IMOJV_Krzysztof_Redas-2048x1433.png 2048w, http:\/\/www.jazzclubkosz.pl\/wp-content\/uploads\/2025\/09\/51_IMOJV_Krzysztof_Redas-600x420.png 600w\" sizes=\"auto, (max-width: 1024px) 100vw, 1024px\" \/><\/figure>\n\n\n\n<p><br>Serdecznie zapraszamy,Stowarzyszenie Zamojski Klub Jazzowy im. Mieczys\u0142awa Kosza\u201d<\/p>\n","protected":false},"excerpt":{"rendered":"<p>\u201ePrzybli\u017camy Pa\u0144stwu sylwetki naszych wokalistek, kt\u00f3re b\u0119d\u0105 bra\u0142y udzia\u0142 w tegorocznej 51. edycji Mi\u0119dzynarodowych Spotka\u0144 Wokalist\u00f3w Jazzowych \u2013 Zamo\u015b\u0107 2025 Kaja Hajduk Angelika Kaschuba Magdalena Michalak Anna Nguyen Julia Palmowska Aleksandra T\u0119cza Ju\u017c 5.09 o godz. 20:00 w Hotelu 77, w dawnej siedzibie Jazz Club Kosz b\u0119dziecie mieli Pa\u0144stwo okazj\u0119 pos\u0142ucha\u0107 konkursowych zmaga\u0144 naszych Pa\u0144. [&hellip;]<\/p>\n","protected":false},"author":1,"featured_media":2804,"comment_status":"open","ping_status":"open","sticky":false,"template":"","format":"standard","meta":{"footnotes":""},"categories":[98,94],"tags":[],"class_list":["post-2794","post","type-post","status-publish","format-standard","has-post-thumbnail","hentry","category-aktualnosci","category-mswj"],"_links":{"self":[{"href":"http:\/\/www.jazzclubkosz.pl\/index.php?rest_route=\/wp\/v2\/posts\/2794","targetHints":{"allow":["GET"]}}],"collection":[{"href":"http:\/\/www.jazzclubkosz.pl\/index.php?rest_route=\/wp\/v2\/posts"}],"about":[{"href":"http:\/\/www.jazzclubkosz.pl\/index.php?rest_route=\/wp\/v2\/types\/post"}],"author":[{"embeddable":true,"href":"http:\/\/www.jazzclubkosz.pl\/index.php?rest_route=\/wp\/v2\/users\/1"}],"replies":[{"embeddable":true,"href":"http:\/\/www.jazzclubkosz.pl\/index.php?rest_route=%2Fwp%2Fv2%2Fcomments&post=2794"}],"version-history":[{"count":1,"href":"http:\/\/www.jazzclubkosz.pl\/index.php?rest_route=\/wp\/v2\/posts\/2794\/revisions"}],"predecessor-version":[{"id":2805,"href":"http:\/\/www.jazzclubkosz.pl\/index.php?rest_route=\/wp\/v2\/posts\/2794\/revisions\/2805"}],"wp:featuredmedia":[{"embeddable":true,"href":"http:\/\/www.jazzclubkosz.pl\/index.php?rest_route=\/wp\/v2\/media\/2804"}],"wp:attachment":[{"href":"http:\/\/www.jazzclubkosz.pl\/index.php?rest_route=%2Fwp%2Fv2%2Fmedia&parent=2794"}],"wp:term":[{"taxonomy":"category","embeddable":true,"href":"http:\/\/www.jazzclubkosz.pl\/index.php?rest_route=%2Fwp%2Fv2%2Fcategories&post=2794"},{"taxonomy":"post_tag","embeddable":true,"href":"http:\/\/www.jazzclubkosz.pl\/index.php?rest_route=%2Fwp%2Fv2%2Ftags&post=2794"}],"curies":[{"name":"wp","href":"https:\/\/api.w.org\/{rel}","templated":true}]}}