{"id":2777,"date":"2025-08-01T14:32:53","date_gmt":"2025-08-01T14:32:53","guid":{"rendered":"http:\/\/www.jazzclubkosz.pl\/?p=2777"},"modified":"2025-08-01T14:32:56","modified_gmt":"2025-08-01T14:32:56","slug":"hania-derej-quintet","status":"publish","type":"post","link":"http:\/\/www.jazzclubkosz.pl\/?p=2777","title":{"rendered":"Hania Derej Quintet"},"content":{"rendered":"\n<p>Hani\u0105 Derej:<\/p>\n\n\n\n<figure class=\"wp-block-embed is-type-video is-provider-youtube wp-block-embed-youtube wp-embed-aspect-16-9 wp-has-aspect-ratio\"><div class=\"wp-block-embed__wrapper\">\n<iframe loading=\"lazy\" title=\"42. Jazz Na Kresach - Hania Derej Quintet\" width=\"680\" height=\"383\" src=\"https:\/\/www.youtube.com\/embed\/_K7X6ddf8Uw?feature=oembed\" frameborder=\"0\" allow=\"accelerometer; autoplay; clipboard-write; encrypted-media; gyroscope; picture-in-picture; web-share\" referrerpolicy=\"strict-origin-when-cross-origin\" allowfullscreen><\/iframe>\n<\/div><figcaption class=\"wp-element-caption\">Stowarzyszenie Zamojski Klub Jazzowy im. Mieczys\u0142awa Kosza wspomina Zamo\u015b\u0107 Jazz Festival 2024, tym samym zapraszaj\u0105c na kolejn\u0105, tegoroczn\u0105 edycj\u0119 festiwalu, kt\u00f3ry odb\u0119dzie si\u0119 w dniach 14-17.08.2025. Szczeg\u00f3\u0142y mo\u017cna znale\u017a\u0107 na stronie internetowej oraz w mediach spo\u0142eczno\u015bciowych. \u2014\u2014\u2014\u2014\u2014\u2014\u2014\u2014\u2014\u2014\u2014\u2014\u2014\u2014\u2014\u2014\u2014\u2014\u2014\u2014\u2014\u2014\u2014\u2014\u2014\u2014\u2014\u2014\u2014\u2014\u2014\u2014\u2014\u2014\u2014\u2013 Hania DEREJ piano \/ kompozycje Rafa\u0142 SOBCZYK saksofon Antoni GIZA puzon Filip HORNIK gitara basowa Igor SKWARCZY\u0143SKI perkusja \u2014\u2014\u2014\u2014\u2014\u2014\u2014\u2014\u2014\u2014\u2014\u2014\u2014\u2014\u2014\u2014\u2014\u2014\u2014\u2014\u2014\u2014\u2014\u2014\u2014\u2014\u2014\u2014\u2014\u2014\u2014\u2014\u2014\u2014\u2014\u2013 Joanna SK\u00d3RKA produkcja, postprodukcja, korekcja barwna Mateusz WO\u0141OCZKO zdj\u0119cia Bartek BARANIAK rejestracja d\u017awi\u0119ku Piotr SK\u00d3RKA miks muzyki Karolina NADOLNA monta\u017c Bartosz DEJA oprawa graficzna Aleksander CHERCZY\u0143SKI ud\u017awi\u0119kowienie \u2014\u2014\u2014\u2014\u2014\u2014\u2014\u2014\u2014\u2014\u2014\u2014\u2014\u2014\u2014\u2014\u2014\u2014\u2014\u2014\u2014\u2014\u2014\u2014\u2014\u2014\u2014\u2014\u2014\u2014\u2014\u2014\u2014\u2014\u2014\u2013 STRONA WWW: www.jazzclubkosz.pl <br>FACEBOOK: https:\/\/www.facebook.com\/JazzKlubKosz <br>INSTAGRAM: www.instagram.com\/stowarzyszenie_zkj\/<\/figcaption><\/figure>\n","protected":false},"excerpt":{"rendered":"<p>Hani\u0105 Derej:<\/p>\n","protected":false},"author":1,"featured_media":0,"comment_status":"open","ping_status":"open","sticky":false,"template":"","format":"standard","meta":{"footnotes":""},"categories":[98,20],"tags":[],"class_list":["post-2777","post","type-post","status-publish","format-standard","hentry","category-aktualnosci","category-interviews"],"_links":{"self":[{"href":"http:\/\/www.jazzclubkosz.pl\/index.php?rest_route=\/wp\/v2\/posts\/2777","targetHints":{"allow":["GET"]}}],"collection":[{"href":"http:\/\/www.jazzclubkosz.pl\/index.php?rest_route=\/wp\/v2\/posts"}],"about":[{"href":"http:\/\/www.jazzclubkosz.pl\/index.php?rest_route=\/wp\/v2\/types\/post"}],"author":[{"embeddable":true,"href":"http:\/\/www.jazzclubkosz.pl\/index.php?rest_route=\/wp\/v2\/users\/1"}],"replies":[{"embeddable":true,"href":"http:\/\/www.jazzclubkosz.pl\/index.php?rest_route=%2Fwp%2Fv2%2Fcomments&post=2777"}],"version-history":[{"count":1,"href":"http:\/\/www.jazzclubkosz.pl\/index.php?rest_route=\/wp\/v2\/posts\/2777\/revisions"}],"predecessor-version":[{"id":2778,"href":"http:\/\/www.jazzclubkosz.pl\/index.php?rest_route=\/wp\/v2\/posts\/2777\/revisions\/2778"}],"wp:attachment":[{"href":"http:\/\/www.jazzclubkosz.pl\/index.php?rest_route=%2Fwp%2Fv2%2Fmedia&parent=2777"}],"wp:term":[{"taxonomy":"category","embeddable":true,"href":"http:\/\/www.jazzclubkosz.pl\/index.php?rest_route=%2Fwp%2Fv2%2Fcategories&post=2777"},{"taxonomy":"post_tag","embeddable":true,"href":"http:\/\/www.jazzclubkosz.pl\/index.php?rest_route=%2Fwp%2Fv2%2Ftags&post=2777"}],"curies":[{"name":"wp","href":"https:\/\/api.w.org\/{rel}","templated":true}]}}